{"id":5310,"date":"2023-05-16T09:02:07","date_gmt":"2023-05-16T09:02:07","guid":{"rendered":"https:\/\/www.icterra.pt\/?p=5310"},"modified":"2023-05-16T09:03:59","modified_gmt":"2023-05-16T09:03:59","slug":"ict-na-european-conference-on-severe-storms-2023-repesentado-pelo-projeto-pyroc-pt","status":"publish","type":"post","link":"https:\/\/www.icterra.pt\/legacy\/index.php\/2023\/05\/16\/ict-na-european-conference-on-severe-storms-2023-repesentado-pelo-projeto-pyroc-pt\/","title":{"rendered":"ICT na European Conference on Severe Storms 2023 repesentado pelo projeto PyroC.pt"},"content":{"rendered":"<div dir=\"auto\" style=\"text-align: justify;\"><span style=\"font-family: arial, helvetica, sans-serif; font-size: 12pt;\">Decorreu na semana passada em Bucareste, Rom\u00e9nia, a 11\u00aa edi\u00e7\u00e3o da &#8220;European Conference on Severe Storms&#8221;. <\/span><\/div>\n<div dir=\"auto\" style=\"text-align: justify;\"><span style=\"font-family: arial, helvetica, sans-serif; font-size: 12pt;\">O escopo da confer\u00eancia cobre todos os aspectos de tempestades convectivas severas, por exemplo, din\u00e2mica de tempestades convectivas e tornados, modela\u00e7\u00e3o de tempestades e assimila\u00e7\u00e3o de dados na escala de tempestades, microf\u00edsica de tempestades, electrifica\u00e7\u00e3o, descargas el\u00e9tricas e granizo, inunda\u00e7\u00f5es repentinas, entre outros.<\/span><\/div>\n<div dir=\"auto\" style=\"text-align: justify;\"><\/div>\n<div dir=\"auto\" style=\"text-align: justify;\"><span style=\"font-family: arial, helvetica, sans-serif; font-size: 12pt;\">O investigador do ICT, Flavio Couto, atual coordenador do projeto PyroC.pt participou na confer\u00eancia apresentando um estudo sobre a modela\u00e7\u00e3o de uma nuvem de tempestade originada a partir de um inc\u00eandio florestal.\u00a0<\/span><\/div>\n<div dir=\"auto\" style=\"text-align: justify;\"><\/div>\n<div dir=\"auto\" style=\"text-align: justify;\"><span style=\"font-family: arial, helvetica, sans-serif; font-size: 12pt;\">Os resultados apresentados mostraram os benef\u00edcios do uso de simula\u00e7\u00f5es de um modelo atmosf\u00e9rico acoplado a um modelo de propaga\u00e7\u00e3o de fogo para explorar os impactos de um inc\u00eandio florestal na atmosfera. A intensa atividade piro-convectiva produziu uma intensa coluna convectiva, a qual penetrou os altos n\u00edveis da troposfera e deu origem a uma nuvem PiroCumulonimbus.<\/span><\/div>\n<div dir=\"auto\" style=\"text-align: justify;\"><\/div>\n<div dir=\"auto\" style=\"text-align: justify;\"><span style=\"font-family: arial, helvetica, sans-serif; font-size: 12pt;\">A representa\u00e7\u00e3o de trovoadas e dos fen\u00f3menos extremos que ocorrem na escala do fogo s\u00e3o de extrema import\u00e2ncia para o combate dos inc\u00eandios, bem como a seguran\u00e7a de civis durante situa\u00e7\u00f5es extremas.<\/span><\/div>\n<div dir=\"auto\" style=\"text-align: justify;\"><\/div>\n<div dir=\"auto\" style=\"text-align: justify;\"><span style=\"font-family: arial, helvetica, sans-serif; font-size: 12pt;\">O resumo da apresenta\u00e7\u00e3o encontra-se dispon\u00edvel em\u00a0<a href=\"https:\/\/doi.org\/10.5194\/ecss2023-7\" target=\"_blank\" rel=\"noopener noreferrer\" data-saferedirecturl=\"https:\/\/www.google.com\/url?q=https:\/\/doi.org\/10.5194\/ecss2023-7&amp;source=gmail&amp;ust=1684312183873000&amp;usg=AOvVaw2drYw098KZwsmWToz4ykBW\">https:\/\/doi.org\/10.5194\/<wbr \/>ecss2023-7<\/a>.<\/span><\/div>\n","protected":false},"excerpt":{"rendered":"<p>Decorreu na semana passada em Bucareste, Rom\u00e9nia, a 11\u00aa edi\u00e7\u00e3o da &#8220;European Conference on Severe Storms&#8221;. O escopo da confer\u00eancia cobre todos os aspectos de tempestades convectivas severas, por exemplo, din\u00e2mica de tempestades convectivas e tornados, modela\u00e7\u00e3o de tempestades e assimila\u00e7\u00e3o de dados na escala de tempestades, microf\u00edsica de tempestades, electrifica\u00e7\u00e3o, descargas el\u00e9tricas e granizo, [&hellip;]<\/p>\n","protected":false},"author":3,"featured_media":5311,"comment_status":"closed","ping_status":"closed","sticky":false,"template":"","format":"standard","meta":{"footnotes":""},"categories":[15],"tags":[],"_links":{"self":[{"href":"https:\/\/www.icterra.pt\/legacy\/index.php\/wp-json\/wp\/v2\/posts\/5310"}],"collection":[{"href":"https:\/\/www.icterra.pt\/legacy\/index.php\/wp-json\/wp\/v2\/posts"}],"about":[{"href":"https:\/\/www.icterra.pt\/legacy\/index.php\/wp-json\/wp\/v2\/types\/post"}],"author":[{"embeddable":true,"href":"https:\/\/www.icterra.pt\/legacy\/index.php\/wp-json\/wp\/v2\/users\/3"}],"replies":[{"embeddable":true,"href":"https:\/\/www.icterra.pt\/legacy\/index.php\/wp-json\/wp\/v2\/comments?post=5310"}],"version-history":[{"count":3,"href":"https:\/\/www.icterra.pt\/legacy\/index.php\/wp-json\/wp\/v2\/posts\/5310\/revisions"}],"predecessor-version":[{"id":5314,"href":"https:\/\/www.icterra.pt\/legacy\/index.php\/wp-json\/wp\/v2\/posts\/5310\/revisions\/5314"}],"wp:featuredmedia":[{"embeddable":true,"href":"https:\/\/www.icterra.pt\/legacy\/index.php\/wp-json\/wp\/v2\/media\/5311"}],"wp:attachment":[{"href":"https:\/\/www.icterra.pt\/legacy\/index.php\/wp-json\/wp\/v2\/media?parent=5310"}],"wp:term":[{"taxonomy":"category","embeddable":true,"href":"https:\/\/www.icterra.pt\/legacy\/index.php\/wp-json\/wp\/v2\/categories?post=5310"},{"taxonomy":"post_tag","embeddable":true,"href":"https:\/\/www.icterra.pt\/legacy\/index.php\/wp-json\/wp\/v2\/tags?post=5310"}],"curies":[{"name":"wp","href":"https:\/\/api.w.org\/{rel}","templated":true}]}}