{"id":4524,"date":"2022-06-09T08:48:39","date_gmt":"2022-06-09T08:48:39","guid":{"rendered":"https:\/\/www.icterra.pt\/?p=4524"},"modified":"2022-06-09T08:49:42","modified_gmt":"2022-06-09T08:49:42","slug":"campanha-de-sensibilizacao-para-prevencao-de-incendios-florestais-nas-escolas-de-evora","status":"publish","type":"post","link":"https:\/\/www.icterra.pt\/legacy\/index.php\/2022\/06\/09\/campanha-de-sensibilizacao-para-prevencao-de-incendios-florestais-nas-escolas-de-evora\/","title":{"rendered":"Campanha de sensibiliza\u00e7\u00e3o para preven\u00e7\u00e3o de inc\u00eandios florestais nas escolas de \u00c9vora"},"content":{"rendered":"<p style=\"text-align: justify;\"><span style=\"font-family: arial, helvetica, sans-serif; font-size: 12pt;\">A campanha de sensibiliza\u00e7\u00e3o do CILIFO, Centro Ib\u00e9rico de Investiga\u00e7\u00e3o e Combate aos Inc\u00eandios Florestais voltou esta semana \u00e0s escolas do primeiro ciclo de \u00c9vora.<\/span><\/p>\n<p style=\"text-align: justify;\"><span style=\"font-family: arial, helvetica, sans-serif; font-size: 12pt;\">As crian\u00e7as da EB1 do Bairro da C\u00e2mara, do Frei Aleixo, dos Canaviais, da Horta das Figueiras e de Valverde tiveram a visita dos t\u00e9cnicos do CILIFO e puderam ser investigadores por um dia. No \u00e2mbito desta iniciativa, as crian\u00e7as foram sensibilizadas para as causas dos inc\u00eandios florestais e para o que podemos fazer para os prevenir.<\/span><\/p>\n<p><img loading=\"lazy\" decoding=\"async\" class=\"alignnone size-medium wp-image-4532\" src=\"https:\/\/www.icterra.pt\/wp-content\/uploads\/2022\/06\/WhatsApp-Image-2022-06-09-at-09.29.41-225x300.jpeg\" alt=\"\" width=\"225\" height=\"300\" srcset=\"https:\/\/www.icterra.pt\/legacy\/wp-content\/uploads\/2022\/06\/WhatsApp-Image-2022-06-09-at-09.29.41-225x300.jpeg 225w, https:\/\/www.icterra.pt\/legacy\/wp-content\/uploads\/2022\/06\/WhatsApp-Image-2022-06-09-at-09.29.41.jpeg 768w\" sizes=\"(max-width: 225px) 100vw, 225px\" \/><img loading=\"lazy\" decoding=\"async\" class=\"alignnone size-medium wp-image-4531\" src=\"https:\/\/www.icterra.pt\/wp-content\/uploads\/2022\/06\/WhatsApp-Image-2022-06-09-at-09.29.41-1-225x300.jpeg\" alt=\"\" width=\"225\" height=\"300\" srcset=\"https:\/\/www.icterra.pt\/legacy\/wp-content\/uploads\/2022\/06\/WhatsApp-Image-2022-06-09-at-09.29.41-1-225x300.jpeg 225w, https:\/\/www.icterra.pt\/legacy\/wp-content\/uploads\/2022\/06\/WhatsApp-Image-2022-06-09-at-09.29.41-1.jpeg 768w\" sizes=\"(max-width: 225px) 100vw, 225px\" \/><img loading=\"lazy\" decoding=\"async\" class=\"alignnone size-medium wp-image-4528\" src=\"https:\/\/www.icterra.pt\/wp-content\/uploads\/2022\/06\/WhatsApp-Image-2022-06-09-at-09.29.41-4-225x300.jpeg\" alt=\"\" width=\"225\" height=\"300\" srcset=\"https:\/\/www.icterra.pt\/legacy\/wp-content\/uploads\/2022\/06\/WhatsApp-Image-2022-06-09-at-09.29.41-4-225x300.jpeg 225w, https:\/\/www.icterra.pt\/legacy\/wp-content\/uploads\/2022\/06\/WhatsApp-Image-2022-06-09-at-09.29.41-4.jpeg 768w\" sizes=\"(max-width: 225px) 100vw, 225px\" \/><img loading=\"lazy\" decoding=\"async\" class=\"alignnone wp-image-4527\" src=\"https:\/\/www.icterra.pt\/wp-content\/uploads\/2022\/06\/WhatsApp-Image-2022-06-09-at-09.29.41-5-300x225.jpeg\" alt=\"\" width=\"400\" height=\"300\" srcset=\"https:\/\/www.icterra.pt\/legacy\/wp-content\/uploads\/2022\/06\/WhatsApp-Image-2022-06-09-at-09.29.41-5-300x225.jpeg 300w, https:\/\/www.icterra.pt\/legacy\/wp-content\/uploads\/2022\/06\/WhatsApp-Image-2022-06-09-at-09.29.41-5-768x576.jpeg 768w, https:\/\/www.icterra.pt\/legacy\/wp-content\/uploads\/2022\/06\/WhatsApp-Image-2022-06-09-at-09.29.41-5-820x615.jpeg 820w, https:\/\/www.icterra.pt\/legacy\/wp-content\/uploads\/2022\/06\/WhatsApp-Image-2022-06-09-at-09.29.41-5.jpeg 1024w\" sizes=\"(max-width: 400px) 100vw, 400px\" \/><\/p>\n<p><img loading=\"lazy\" decoding=\"async\" class=\" wp-image-4529 alignleft\" src=\"https:\/\/www.icterra.pt\/wp-content\/uploads\/2022\/06\/WhatsApp-Image-2022-06-09-at-09.29.41-3-300x225.jpeg\" alt=\"\" width=\"309\" height=\"232\" srcset=\"https:\/\/www.icterra.pt\/legacy\/wp-content\/uploads\/2022\/06\/WhatsApp-Image-2022-06-09-at-09.29.41-3-300x225.jpeg 300w, https:\/\/www.icterra.pt\/legacy\/wp-content\/uploads\/2022\/06\/WhatsApp-Image-2022-06-09-at-09.29.41-3-768x576.jpeg 768w, https:\/\/www.icterra.pt\/legacy\/wp-content\/uploads\/2022\/06\/WhatsApp-Image-2022-06-09-at-09.29.41-3-820x615.jpeg 820w, https:\/\/www.icterra.pt\/legacy\/wp-content\/uploads\/2022\/06\/WhatsApp-Image-2022-06-09-at-09.29.41-3.jpeg 1024w\" sizes=\"(max-width: 309px) 100vw, 309px\" \/><\/p>\n<p>&nbsp;<\/p>\n<p>&nbsp;<\/p>\n","protected":false},"excerpt":{"rendered":"<p>A campanha de sensibiliza\u00e7\u00e3o do CILIFO, Centro Ib\u00e9rico de Investiga\u00e7\u00e3o e Combate aos Inc\u00eandios Florestais voltou esta semana \u00e0s escolas do primeiro ciclo de \u00c9vora. As crian\u00e7as da EB1 do Bairro da C\u00e2mara, do Frei Aleixo, dos Canaviais, da Horta das Figueiras e de Valverde tiveram a visita dos t\u00e9cnicos do CILIFO e puderam ser [&hellip;]<\/p>\n","protected":false},"author":3,"featured_media":4530,"comment_status":"closed","ping_status":"closed","sticky":false,"template":"","format":"standard","meta":{"footnotes":""},"categories":[15],"tags":[],"_links":{"self":[{"href":"https:\/\/www.icterra.pt\/legacy\/index.php\/wp-json\/wp\/v2\/posts\/4524"}],"collection":[{"href":"https:\/\/www.icterra.pt\/legacy\/index.php\/wp-json\/wp\/v2\/posts"}],"about":[{"href":"https:\/\/www.icterra.pt\/legacy\/index.php\/wp-json\/wp\/v2\/types\/post"}],"author":[{"embeddable":true,"href":"https:\/\/www.icterra.pt\/legacy\/index.php\/wp-json\/wp\/v2\/users\/3"}],"replies":[{"embeddable":true,"href":"https:\/\/www.icterra.pt\/legacy\/index.php\/wp-json\/wp\/v2\/comments?post=4524"}],"version-history":[{"count":3,"href":"https:\/\/www.icterra.pt\/legacy\/index.php\/wp-json\/wp\/v2\/posts\/4524\/revisions"}],"predecessor-version":[{"id":4535,"href":"https:\/\/www.icterra.pt\/legacy\/index.php\/wp-json\/wp\/v2\/posts\/4524\/revisions\/4535"}],"wp:featuredmedia":[{"embeddable":true,"href":"https:\/\/www.icterra.pt\/legacy\/index.php\/wp-json\/wp\/v2\/media\/4530"}],"wp:attachment":[{"href":"https:\/\/www.icterra.pt\/legacy\/index.php\/wp-json\/wp\/v2\/media?parent=4524"}],"wp:term":[{"taxonomy":"category","embeddable":true,"href":"https:\/\/www.icterra.pt\/legacy\/index.php\/wp-json\/wp\/v2\/categories?post=4524"},{"taxonomy":"post_tag","embeddable":true,"href":"https:\/\/www.icterra.pt\/legacy\/index.php\/wp-json\/wp\/v2\/tags?post=4524"}],"curies":[{"name":"wp","href":"https:\/\/api.w.org\/{rel}","templated":true}]}}