{"id":3473,"date":"2021-05-05T10:25:34","date_gmt":"2021-05-05T10:25:34","guid":{"rendered":"https:\/\/www.icterra.pt\/?p=3473"},"modified":"2021-05-05T10:42:40","modified_gmt":"2021-05-05T10:42:40","slug":"investigadores-dos-centros-ict-e-med-da-universidade-de-evora-desenvolvem-abordagem-com-recurso-a-dados-de-satelite-para-prever-o-potencial-de-pequenos-focos-de-incendio-gerarem-grandes-incendios","status":"publish","type":"post","link":"https:\/\/www.icterra.pt\/legacy\/index.php\/2021\/05\/05\/investigadores-dos-centros-ict-e-med-da-universidade-de-evora-desenvolvem-abordagem-com-recurso-a-dados-de-satelite-para-prever-o-potencial-de-pequenos-focos-de-incendio-gerarem-grandes-incendios\/","title":{"rendered":"Investigadores dos centros ICT e MED da Universidade de \u00c9vora desenvolvem abordagem com recurso a dados de sat\u00e9lite para prever o potencial de pequenos focos de inc\u00eandio gerarem grandes inc\u00eandios."},"content":{"rendered":"<p style=\"text-align: justify;\"><span style=\"font-size: 12pt; font-family: arial, helvetica, sans-serif;\">Um estudo levado a cabo pelos investigadores S\u00e9rgio Godinho e Nuno Guiomar no \u00e2mbito do projeto \u201cCentro Ib\u00e9rico para a Investiga\u00e7\u00e3o e o Combate aos Inc\u00eandios Florestais\u201d (CILIFO), analisou um conjunto de 2120 inc\u00eandios ocorridos em Portugal Continental entre junho e outubro de 2017, para compreender as raz\u00f5es pelas quais\u00a0algumas igni\u00e7\u00f5es d\u00e3o origem a grandes inc\u00eandios.<\/span><\/p>\n<p style=\"text-align: justify;\"><span style=\"font-size: 12pt; font-family: arial, helvetica, sans-serif;\">Para al\u00e9m dos indicadores de perigosidade meteorol\u00f3gica, os investigadores usaram dados recolhidos pelos sat\u00e9lites Sentinel-1 e Sentinel-2 da Ag\u00eancia Espacial Europeia e ALOS-2 da Ag\u00eancia Japonesa de Explora\u00e7\u00e3o Espacial para gerar informa\u00e7\u00e3o sobre a estrutura da vegeta\u00e7\u00e3o.<\/span><\/p>\n<p style=\"text-align: justify;\"><span style=\"font-size: 12pt; font-family: arial, helvetica, sans-serif;\">Atrav\u00e9s da avalia\u00e7\u00e3o da distribui\u00e7\u00e3o da \u00e1rea ardida acumulada por igni\u00e7\u00f5es di\u00e1rias, em fun\u00e7\u00e3o das condi\u00e7\u00f5es iniciais de propaga\u00e7\u00e3o e estimando a import\u00e2ncia de fatores relacionados com a perigosidade meteorol\u00f3gica, estrutura da vegeta\u00e7\u00e3o, e caracter\u00edsticas topogr\u00e1ficas, o estudo encontrou rela\u00e7\u00f5es que permitem compreender o potencial das igni\u00e7\u00f5es desde o seu in\u00edcio e encontrar explica\u00e7\u00f5es para a dificuldade dos recursos utilizados na primeira fase da supress\u00e3o do inc\u00eandio.\u00a0<\/span><\/p>\n<p><img loading=\"lazy\" decoding=\"async\" class=\"size-medium wp-image-3131 alignleft\" src=\"https:\/\/www.icterra.pt\/wp-content\/uploads\/2021\/02\/0001-1-300x262.jpg\" alt=\"\" width=\"300\" height=\"262\" srcset=\"https:\/\/www.icterra.pt\/legacy\/wp-content\/uploads\/2021\/02\/0001-1-300x262.jpg 300w, https:\/\/www.icterra.pt\/legacy\/wp-content\/uploads\/2021\/02\/0001-1-1024x894.jpg 1024w, https:\/\/www.icterra.pt\/legacy\/wp-content\/uploads\/2021\/02\/0001-1-768x671.jpg 768w, https:\/\/www.icterra.pt\/legacy\/wp-content\/uploads\/2021\/02\/0001-1-1536x1341.jpg 1536w, https:\/\/www.icterra.pt\/legacy\/wp-content\/uploads\/2021\/02\/0001-1-820x716.jpg 820w, https:\/\/www.icterra.pt\/legacy\/wp-content\/uploads\/2021\/02\/0001-1.jpg 2048w\" sizes=\"(max-width: 300px) 100vw, 300px\" \/><img class=\"alignnone wp-image-undefined size-full\" \/><\/p>\n<p style=\"text-align: justify;\"><span style=\"font-size: 12pt; font-family: arial, helvetica, sans-serif;\">Os resultados do estudo revelam que, em fun\u00e7\u00e3o das previs\u00f5es meteorol\u00f3gicas, do estado e estrutura dos combust\u00edveis e da complexidade topogr\u00e1fica, \u00e9 poss\u00edvel otimizar o escalonamento dos recursos de supress\u00e3o incidindo os esfor\u00e7os nas igni\u00e7\u00f5es com maior probabilidade de se propagarem por extensas \u00e1reas.<\/span><\/p>\n<p style=\"text-align: justify;\"><span style=\"font-size: 12pt; font-family: arial, helvetica, sans-serif;\">N\u00e3o obstante o facto desta an\u00e1lise explorat\u00f3ria ter recorrido a dados de um \u00fanico ano,\u00a0os resultados evidenciaram o elevado potencial dos dados obtidos pelos sat\u00e9lites utilizados para construir modelos com maior detalhe espacial que permitam distinguir o potencial das m\u00faltiplas ocorr\u00eancias que se sucedem nos dias de ver\u00e3o, permitindo assim escalonar os recursos de supress\u00e3o em fun\u00e7\u00e3o do dano expect\u00e1vel. Com base nas previs\u00f5es,\u00a0a espacializa\u00e7\u00e3o di\u00e1ria do modelo pode ainda suportar a decis\u00e3o sobre as atividades de pr\u00e9-supress\u00e3o, principalmente no que se refere \u00e0 vigil\u00e2ncia m\u00f3vel com car\u00e1cter dissuasor e ao pr\u00e9-posicionamento de meios em locais estrat\u00e9gicos de modo a que diminuam o tempo de rea\u00e7\u00e3o ap\u00f3s um alerta de inc\u00eandio.<\/span><\/p>\n<p style=\"text-align: justify;\"><span style=\"font-size: 12pt; font-family: arial, helvetica, sans-serif;\">O sistema de alerta de perigo de inc\u00eandio florestal utilizado em Portugal assenta em larga medida nas previs\u00f5es do \u00cdndice FWI (<em>Fire Weather Index ) <\/em>do Sistema Canadiano de Indexa\u00e7\u00e3o do Perigo de Inc\u00eandio Florestal. O \u00edndice principal do sistema \u00e9 quase exclusivamente interpretado como um indicador da atividade de fogo. De facto, o n\u00famero di\u00e1rio de inc\u00eandios rurais aumenta em fun\u00e7\u00e3o do agravamento da perigosidade meteorol\u00f3gica n\u00e3o sendo, contudo, desprez\u00edvel a sua varia\u00e7\u00e3o regional, visto que o limiar da perigosidade meteorol\u00f3gica associado a diferentes classes de dimens\u00e3o dos fogos diminui em fun\u00e7\u00e3o da complexidade da topografia e da distribui\u00e7\u00e3o e acumula\u00e7\u00e3o da vegeta\u00e7\u00e3o.<\/span><\/p>\n<p style=\"text-align: justify;\"><span style=\"font-size: 12pt; font-family: arial, helvetica, sans-serif;\">Os investigadores argumentam que o efeito da meteorologia no comportamento do fogo \u00e9, at\u00e9 determinado n\u00edvel, mediado\u00a0pelos combust\u00edveis existentes acima da camada superficial do solo. Por outro lado,\u00a0o peso relativo dos fatores\u00a0fundamentais que explicam o regime e comportamento do fogo (meteorologia, combust\u00edveis e topografia) varia de acordo com o indicador de atividade do fogo que se pretende explicar.<\/span><\/p>\n<p style=\"text-align: justify;\"><span style=\"font-size: 12pt; font-family: arial, helvetica, sans-serif;\">Uma estrat\u00e9gia de preven\u00e7\u00e3o suportada apenas num\u00a0desses indicadores (por exemplo, diminui\u00e7\u00e3o do n\u00famero de inc\u00eandios)\u00a0n\u00e3o garante\u00a0reflexos positivos nas restantes dimens\u00f5es do regime de fogo.\u00a0Em qualquer caso, estes efeitos sin\u00e9rgicos devem ser incorporados nos modelos de estudo, independentemente do objetivo para o qual s\u00e3o utilizados.\u00a0\u00a0<\/span><\/p>\n<p style=\"text-align: justify;\"><span style=\"font-size: 12pt; font-family: arial, helvetica, sans-serif;\">O estudo agora apresentado pode significar um olhar e um caminho novo na preven\u00e7\u00e3o e combate aos inc\u00eandios florestais.<\/span><\/p>\n<p><img loading=\"lazy\" decoding=\"async\" class=\"size-medium wp-image-3127 aligncenter\" src=\"https:\/\/www.icterra.pt\/wp-content\/uploads\/2021\/02\/logo-cilifo-300x119.png\" alt=\"\" width=\"300\" height=\"119\" srcset=\"https:\/\/www.icterra.pt\/legacy\/wp-content\/uploads\/2021\/02\/logo-cilifo-300x119.png 300w, https:\/\/www.icterra.pt\/legacy\/wp-content\/uploads\/2021\/02\/logo-cilifo-768x306.png 768w, https:\/\/www.icterra.pt\/legacy\/wp-content\/uploads\/2021\/02\/logo-cilifo-820x326.png 820w, https:\/\/www.icterra.pt\/legacy\/wp-content\/uploads\/2021\/02\/logo-cilifo.png 1000w\" sizes=\"(max-width: 300px) 100vw, 300px\" \/><\/p>\n","protected":false},"excerpt":{"rendered":"<p>Um estudo levado a cabo pelos investigadores S\u00e9rgio Godinho e Nuno Guiomar no \u00e2mbito do projeto \u201cCentro Ib\u00e9rico para a Investiga\u00e7\u00e3o e o Combate aos Inc\u00eandios Florestais\u201d (CILIFO), analisou um conjunto de 2120 inc\u00eandios ocorridos em Portugal Continental entre junho e outubro de 2017, para compreender as raz\u00f5es pelas quais\u00a0algumas igni\u00e7\u00f5es d\u00e3o origem a grandes [&hellip;]<\/p>\n","protected":false},"author":3,"featured_media":3475,"comment_status":"closed","ping_status":"closed","sticky":false,"template":"","format":"standard","meta":{"footnotes":""},"categories":[15],"tags":[],"_links":{"self":[{"href":"https:\/\/www.icterra.pt\/legacy\/index.php\/wp-json\/wp\/v2\/posts\/3473"}],"collection":[{"href":"https:\/\/www.icterra.pt\/legacy\/index.php\/wp-json\/wp\/v2\/posts"}],"about":[{"href":"https:\/\/www.icterra.pt\/legacy\/index.php\/wp-json\/wp\/v2\/types\/post"}],"author":[{"embeddable":true,"href":"https:\/\/www.icterra.pt\/legacy\/index.php\/wp-json\/wp\/v2\/users\/3"}],"replies":[{"embeddable":true,"href":"https:\/\/www.icterra.pt\/legacy\/index.php\/wp-json\/wp\/v2\/comments?post=3473"}],"version-history":[{"count":2,"href":"https:\/\/www.icterra.pt\/legacy\/index.php\/wp-json\/wp\/v2\/posts\/3473\/revisions"}],"predecessor-version":[{"id":3476,"href":"https:\/\/www.icterra.pt\/legacy\/index.php\/wp-json\/wp\/v2\/posts\/3473\/revisions\/3476"}],"wp:featuredmedia":[{"embeddable":true,"href":"https:\/\/www.icterra.pt\/legacy\/index.php\/wp-json\/wp\/v2\/media\/3475"}],"wp:attachment":[{"href":"https:\/\/www.icterra.pt\/legacy\/index.php\/wp-json\/wp\/v2\/media?parent=3473"}],"wp:term":[{"taxonomy":"category","embeddable":true,"href":"https:\/\/www.icterra.pt\/legacy\/index.php\/wp-json\/wp\/v2\/categories?post=3473"},{"taxonomy":"post_tag","embeddable":true,"href":"https:\/\/www.icterra.pt\/legacy\/index.php\/wp-json\/wp\/v2\/tags?post=3473"}],"curies":[{"name":"wp","href":"https:\/\/api.w.org\/{rel}","templated":true}]}}