{"id":3111,"date":"2021-02-24T15:28:40","date_gmt":"2021-02-24T15:28:40","guid":{"rendered":"https:\/\/www.icterra.pt\/?p=3111"},"modified":"2021-02-24T15:29:15","modified_gmt":"2021-02-24T15:29:15","slug":"nova-estacao-meteorologica-em-funcionamento","status":"publish","type":"post","link":"https:\/\/www.icterra.pt\/legacy\/index.php\/2021\/02\/24\/nova-estacao-meteorologica-em-funcionamento\/","title":{"rendered":"Nova esta\u00e7\u00e3o meteorol\u00f3gica em funcionamento"},"content":{"rendered":"<div style=\"text-align: justify;\"><span style=\"font-size: 12pt; font-family: arial, helvetica, sans-serif;\">Entrou em funcionamento a 12 de Janeiro de 2021 a nova esta\u00e7\u00e3o meteorol\u00f3gica da Escola Secund\u00e1ria de S. Louren\u00e7o, em Portalegre.<\/span><\/div>\n<div style=\"text-align: justify;\"><span style=\"font-size: 12pt; font-family: arial, helvetica, sans-serif;\">A nova esta\u00e7\u00e3o foi instalada no \u00e2mbito da atividade &#8220;Climatologistas em Ac\u00e7\u00e3o&#8221; promovida pelo Clube Ci\u00eancia Viva da Escola Secund\u00e1ria de S. Louren\u00e7o em parceria com o CCVEstremoz e o ICT.<\/span><\/div>\n<div style=\"text-align: justify;\"><span style=\"font-size: 12pt; font-family: arial, helvetica, sans-serif;\">Com esta parceria, o<\/span><span style=\"font-size: 12pt; font-family: arial, helvetica, sans-serif;\"> ICT prestou apoio na instala\u00e7\u00e3o da nova esta\u00e7\u00e3o e ir\u00e1 apoiar na manuten\u00e7\u00e3o e tratamento de dados da mesma.<\/span><\/div>\n<div style=\"text-align: justify;\"><span style=\"font-size: 12pt; font-family: arial, helvetica, sans-serif;\">Os dados meteorol\u00f3gicos di\u00e1rios, semanais e mensais podem ser consultados em\u00a0<a href=\"https:\/\/www.icterra.pt\/portalegre\/\" target=\"_blank\" rel=\"noopener noreferrer\" data-saferedirecturl=\"https:\/\/www.google.com\/url?q=https:\/\/www.icterra.pt\/portalegre\/&amp;source=gmail&amp;ust=1614254590491000&amp;usg=AFQjCNGZLFrbdEKoGnt_p5XbEwrgah2PVQ\">https:\/\/www.icterra.pt\/<wbr \/>portalegre\/<\/a><\/span><\/div>\n<div style=\"text-align: justify;\"><\/div>\n","protected":false},"excerpt":{"rendered":"<p>Entrou em funcionamento a 12 de Janeiro de 2021 a nova esta\u00e7\u00e3o meteorol\u00f3gica da Escola Secund\u00e1ria de S. Louren\u00e7o, em Portalegre. A nova esta\u00e7\u00e3o foi instalada no \u00e2mbito da atividade &#8220;Climatologistas em Ac\u00e7\u00e3o&#8221; promovida pelo Clube Ci\u00eancia Viva da Escola Secund\u00e1ria de S. Louren\u00e7o em parceria com o CCVEstremoz e o ICT. Com esta parceria, [&hellip;]<\/p>\n","protected":false},"author":3,"featured_media":3115,"comment_status":"closed","ping_status":"closed","sticky":false,"template":"","format":"standard","meta":{"footnotes":""},"categories":[15],"tags":[],"_links":{"self":[{"href":"https:\/\/www.icterra.pt\/legacy\/index.php\/wp-json\/wp\/v2\/posts\/3111"}],"collection":[{"href":"https:\/\/www.icterra.pt\/legacy\/index.php\/wp-json\/wp\/v2\/posts"}],"about":[{"href":"https:\/\/www.icterra.pt\/legacy\/index.php\/wp-json\/wp\/v2\/types\/post"}],"author":[{"embeddable":true,"href":"https:\/\/www.icterra.pt\/legacy\/index.php\/wp-json\/wp\/v2\/users\/3"}],"replies":[{"embeddable":true,"href":"https:\/\/www.icterra.pt\/legacy\/index.php\/wp-json\/wp\/v2\/comments?post=3111"}],"version-history":[{"count":2,"href":"https:\/\/www.icterra.pt\/legacy\/index.php\/wp-json\/wp\/v2\/posts\/3111\/revisions"}],"predecessor-version":[{"id":3117,"href":"https:\/\/www.icterra.pt\/legacy\/index.php\/wp-json\/wp\/v2\/posts\/3111\/revisions\/3117"}],"wp:featuredmedia":[{"embeddable":true,"href":"https:\/\/www.icterra.pt\/legacy\/index.php\/wp-json\/wp\/v2\/media\/3115"}],"wp:attachment":[{"href":"https:\/\/www.icterra.pt\/legacy\/index.php\/wp-json\/wp\/v2\/media?parent=3111"}],"wp:term":[{"taxonomy":"category","embeddable":true,"href":"https:\/\/www.icterra.pt\/legacy\/index.php\/wp-json\/wp\/v2\/categories?post=3111"},{"taxonomy":"post_tag","embeddable":true,"href":"https:\/\/www.icterra.pt\/legacy\/index.php\/wp-json\/wp\/v2\/tags?post=3111"}],"curies":[{"name":"wp","href":"https:\/\/api.w.org\/{rel}","templated":true}]}}