{"id":2866,"date":"2020-11-27T11:04:42","date_gmt":"2020-11-27T11:04:42","guid":{"rendered":"http:\/\/www.icterra.pt\/?p=2866"},"modified":"2020-12-07T14:15:31","modified_gmt":"2020-12-07T14:15:31","slug":"4-dezembro-1400h-video-conferencia-saude-ambiental","status":"publish","type":"post","link":"https:\/\/www.icterra.pt\/legacy\/index.php\/2020\/11\/27\/4-dezembro-1400h-video-conferencia-saude-ambiental\/","title":{"rendered":"4 dezembro, 14:00h, V\u00eddeo-confer\u00eancia: Sa\u00fade Ambiental"},"content":{"rendered":"<p style=\"text-align: justify;\"><span style=\"font-size: 12pt; font-family: arial, helvetica, sans-serif;\">Ciclo de Confer\u00eancias em Biologia e Bioqu\u00edmica Humanas 2020\/2021<\/span><\/p>\n<p style=\"text-align: justify;\"><span style=\"font-size: 12pt; font-family: arial, helvetica, sans-serif;\">Escola de Ci\u00eancias e Tecnologia da Universidade de \u00c9vora<\/span><\/p>\n<p style=\"text-align: justify;\"><span style=\"font-size: 12pt; font-family: arial, helvetica, sans-serif;\">Ciclo de confer\u00eancias multidisciplinar no \u00e2mbito da forma\u00e7\u00e3o em Biologia, Biologia Humana e Bioqu\u00edmica, que pretende apresentar temas e abordagens ao estudo dos Sistemas Biol\u00f3gicos contribuindo para construir nos estudantes uma vis\u00e3o integradora dos sistemas e organismos.<\/span><\/p>\n<p style=\"text-align: justify;\"><span style=\"font-size: 12pt; font-family: arial, helvetica, sans-serif;\">\u201cSa\u00fade Ambiental\u201d &#8211; <\/span><span style=\"font-size: 12pt; font-family: arial, helvetica, sans-serif;\">4 Dezembro, 14h \u2013 VIDEO-CONFER\u00caNCIA &#8211; ZOOM<\/span><br \/>\n<span style=\"font-size: 12pt; font-family: arial, helvetica, sans-serif;\">Uma viagem de comboio pelos efeitos da polui\u00e7\u00e3o na sa\u00fade humana<\/span><\/p>\n<p style=\"text-align: justify;\"><span style=\"font-size: 12pt; font-family: arial, helvetica, sans-serif;\"><a href=\"https:\/\/docs.google.com\/forms\/d\/e\/1FAIpQLSdDixcunytgs_63Hf0jyMQCiGEd7VMBbiQfsxJ6scvz_HjAMg\/viewform\">CLIQUE AQUI PARA FAZER A SUA INSCRI\u00c7\u00c3O<\/a><\/span><\/p>\n","protected":false},"excerpt":{"rendered":"<p>Ciclo de Confer\u00eancias em Biologia e Bioqu\u00edmica Humanas 2020\/2021 Escola de Ci\u00eancias e Tecnologia da Universidade de \u00c9vora Ciclo de confer\u00eancias multidisciplinar no \u00e2mbito da forma\u00e7\u00e3o em Biologia, Biologia Humana e Bioqu\u00edmica, que pretende apresentar temas e abordagens ao estudo dos Sistemas Biol\u00f3gicos contribuindo para construir nos estudantes uma vis\u00e3o integradora dos sistemas e organismos. [&hellip;]<\/p>\n","protected":false},"author":3,"featured_media":2870,"comment_status":"closed","ping_status":"closed","sticky":false,"template":"","format":"standard","meta":{"footnotes":""},"categories":[219],"tags":[],"_links":{"self":[{"href":"https:\/\/www.icterra.pt\/legacy\/index.php\/wp-json\/wp\/v2\/posts\/2866"}],"collection":[{"href":"https:\/\/www.icterra.pt\/legacy\/index.php\/wp-json\/wp\/v2\/posts"}],"about":[{"href":"https:\/\/www.icterra.pt\/legacy\/index.php\/wp-json\/wp\/v2\/types\/post"}],"author":[{"embeddable":true,"href":"https:\/\/www.icterra.pt\/legacy\/index.php\/wp-json\/wp\/v2\/users\/3"}],"replies":[{"embeddable":true,"href":"https:\/\/www.icterra.pt\/legacy\/index.php\/wp-json\/wp\/v2\/comments?post=2866"}],"version-history":[{"count":2,"href":"https:\/\/www.icterra.pt\/legacy\/index.php\/wp-json\/wp\/v2\/posts\/2866\/revisions"}],"predecessor-version":[{"id":2869,"href":"https:\/\/www.icterra.pt\/legacy\/index.php\/wp-json\/wp\/v2\/posts\/2866\/revisions\/2869"}],"wp:featuredmedia":[{"embeddable":true,"href":"https:\/\/www.icterra.pt\/legacy\/index.php\/wp-json\/wp\/v2\/media\/2870"}],"wp:attachment":[{"href":"https:\/\/www.icterra.pt\/legacy\/index.php\/wp-json\/wp\/v2\/media?parent=2866"}],"wp:term":[{"taxonomy":"category","embeddable":true,"href":"https:\/\/www.icterra.pt\/legacy\/index.php\/wp-json\/wp\/v2\/categories?post=2866"},{"taxonomy":"post_tag","embeddable":true,"href":"https:\/\/www.icterra.pt\/legacy\/index.php\/wp-json\/wp\/v2\/tags?post=2866"}],"curies":[{"name":"wp","href":"https:\/\/api.w.org\/{rel}","templated":true}]}}