{"id":2823,"date":"2020-11-18T09:46:49","date_gmt":"2020-11-18T09:46:49","guid":{"rendered":"http:\/\/www.icterra.pt\/?p=2823"},"modified":"2020-11-18T09:46:49","modified_gmt":"2020-11-18T09:46:49","slug":"90-segundos-de-ciencia-luis-fialho-investigador-do-ict-desenvolve-metodos-de-reparacao-no-local-para-modulos-fotovoltaicos","status":"publish","type":"post","link":"https:\/\/www.icterra.pt\/legacy\/index.php\/2020\/11\/18\/90-segundos-de-ciencia-luis-fialho-investigador-do-ict-desenvolve-metodos-de-reparacao-no-local-para-modulos-fotovoltaicos\/","title":{"rendered":"90 segundos de ci\u00eancia: Lu\u00eds Fialho, investigador do ICT, desenvolve m\u00e9todos de repara\u00e7\u00e3o no local para m\u00f3dulos fotovoltaicos"},"content":{"rendered":"<p style=\"text-align: justify;\"><span style=\"font-size: 12pt; font-family: arial, helvetica, sans-serif;\">Lu\u00eds Fialho, investigador na C\u00e1tedra de Energias Renov\u00e1veis (<a href=\"https:\/\/www.catedraer.uevora.pt\/\">CER<\/a>) na Universidade de \u00c9vora (<a href=\"http:\/\/www.uevora.pt\/\">U\u00c9<\/a>), est\u00e1 a desenvolver o projeto\u00a0<a href=\"https:\/\/www.catedraer.uevora.pt\/\">GRECO<\/a>\u00a0com o objetivo de estabelecer uma metodologia que permita reparar m\u00f3dulos fotovoltaicos sem que para tal seja necess\u00e1rio recorrer \u00e0 substitui\u00e7\u00e3o do painel solar.<\/span><\/p>\n<p style=\"text-align: justify;\"><span style=\"font-size: 12pt; font-family: arial, helvetica, sans-serif;\">Desde os anos 1980 que os m\u00f3dulos fotovoltaicos t\u00eam vindo a evoluir de forma cont\u00ednua, quer em tamanho, quer na sua efici\u00eancia energ\u00e9tica. Contudo, esta evolu\u00e7\u00e3o constante faz com que ao fim de algum tempo j\u00e1 n\u00e3o seja poss\u00edvel encontrar no mercado um modelo id\u00eantico \u00e0quele que foi adquirido.<\/span><\/p>\n<p style=\"text-align: justify;\"><span style=\"font-size: 12pt; font-family: arial, helvetica, sans-serif;\">Para Lu\u00eds Fialho isto representa uma barreira para quem pretenda reparar ou substituir um m\u00f3dulo fotovoltaico com alguns anos.<\/span><\/p>\n<p style=\"text-align: justify;\"><span style=\"font-size: 12pt; font-family: arial, helvetica, sans-serif;\">O objetivo do projeto GRECO \u00e9 ent\u00e3o definir novas t\u00e9cnicas de repara\u00e7\u00e3o para estes m\u00f3dulos que possam ser feitas no local a um custo competitivo quando comparadas com o custo de substituir um m\u00f3dulo por completo.<\/span><\/p>\n<p style=\"text-align: justify;\"><span style=\"font-size: 12pt; font-family: arial, helvetica, sans-serif;\">\u201cO desenho do nosso m\u00e9todo permite que a repara\u00e7\u00e3o seja efetuada no pr\u00f3prio local com consum\u00edveis de custo reduzido e com um n\u00famero de horas de m\u00e3o-de-obra tamb\u00e9m reduzido. Pretendemos que o nosso m\u00e9todo tenha um m\u00ednimo de custos poss\u00edveis de opera\u00e7\u00e3o e manuten\u00e7\u00e3o associados\u201d, conta.<\/span><\/p>\n<p style=\"text-align: justify;\"><span style=\"font-size: 12pt; font-family: arial, helvetica, sans-serif;\">Lu\u00eds Fialho pretende tamb\u00e9m que estas t\u00e9cnicas possam garantir uma sobrevida entra 25 a 30 anos de opera\u00e7\u00e3o para os m\u00f3dulos reparados. \u00a0<\/span><\/p>\n<p style=\"text-align: left;\"><span style=\"font-size: 12pt; font-family: arial, helvetica, sans-serif;\">Neste momento, est\u00e3o a ser realizados ensaios para validar no terreno estas t\u00e9cnicas de repara\u00e7\u00e3o. O intuito destes ensaios \u00e9 determinar a fiabilidade destas t\u00e9cnicas para que as mesmas possam ser replicadas num futuro pr\u00f3ximo, criando assim uma alternativa sustent\u00e1vel \u00e0 substitui\u00e7\u00e3o de pain\u00e9is solares.<\/span><\/p>\n<p style=\"text-align: left;\"><span style=\"font-size: 12pt; font-family: arial, helvetica, sans-serif;\">Para ouvir <a href=\"https:\/\/www.90segundosdeciencia.pt\/episodes\/ep-962-luis-fialho\/?fbclid=IwAR1KE9_-tFfnEiylYX8TAL6ZRZPo4M0wXfjMAybEEuAobX5l_Ew4ae7yciE\">aqui<\/a>.<\/span><\/p>\n<p>&nbsp;<\/p>\n","protected":false},"excerpt":{"rendered":"<p>Lu\u00eds Fialho, investigador na C\u00e1tedra de Energias Renov\u00e1veis (CER) na Universidade de \u00c9vora (U\u00c9), est\u00e1 a desenvolver o projeto\u00a0GRECO\u00a0com o objetivo de estabelecer uma metodologia que permita reparar m\u00f3dulos fotovoltaicos sem que para tal seja necess\u00e1rio recorrer \u00e0 substitui\u00e7\u00e3o do painel solar. Desde os anos 1980 que os m\u00f3dulos fotovoltaicos t\u00eam vindo a evoluir de [&hellip;]<\/p>\n","protected":false},"author":3,"featured_media":1804,"comment_status":"closed","ping_status":"closed","sticky":false,"template":"","format":"standard","meta":{"footnotes":""},"categories":[15],"tags":[],"_links":{"self":[{"href":"https:\/\/www.icterra.pt\/legacy\/index.php\/wp-json\/wp\/v2\/posts\/2823"}],"collection":[{"href":"https:\/\/www.icterra.pt\/legacy\/index.php\/wp-json\/wp\/v2\/posts"}],"about":[{"href":"https:\/\/www.icterra.pt\/legacy\/index.php\/wp-json\/wp\/v2\/types\/post"}],"author":[{"embeddable":true,"href":"https:\/\/www.icterra.pt\/legacy\/index.php\/wp-json\/wp\/v2\/users\/3"}],"replies":[{"embeddable":true,"href":"https:\/\/www.icterra.pt\/legacy\/index.php\/wp-json\/wp\/v2\/comments?post=2823"}],"version-history":[{"count":1,"href":"https:\/\/www.icterra.pt\/legacy\/index.php\/wp-json\/wp\/v2\/posts\/2823\/revisions"}],"predecessor-version":[{"id":2824,"href":"https:\/\/www.icterra.pt\/legacy\/index.php\/wp-json\/wp\/v2\/posts\/2823\/revisions\/2824"}],"wp:featuredmedia":[{"embeddable":true,"href":"https:\/\/www.icterra.pt\/legacy\/index.php\/wp-json\/wp\/v2\/media\/1804"}],"wp:attachment":[{"href":"https:\/\/www.icterra.pt\/legacy\/index.php\/wp-json\/wp\/v2\/media?parent=2823"}],"wp:term":[{"taxonomy":"category","embeddable":true,"href":"https:\/\/www.icterra.pt\/legacy\/index.php\/wp-json\/wp\/v2\/categories?post=2823"},{"taxonomy":"post_tag","embeddable":true,"href":"https:\/\/www.icterra.pt\/legacy\/index.php\/wp-json\/wp\/v2\/tags?post=2823"}],"curies":[{"name":"wp","href":"https:\/\/api.w.org\/{rel}","templated":true}]}}