{"id":2672,"date":"2020-10-07T19:07:52","date_gmt":"2020-10-07T19:07:52","guid":{"rendered":"http:\/\/www.icterra.pt\/?p=2672"},"modified":"2020-10-07T19:12:12","modified_gmt":"2020-10-07T19:12:12","slug":"ict-com-seis-candidaturas-a-bolsas-de-doutoramento-da-fct-aprovadas-2","status":"publish","type":"post","link":"https:\/\/www.icterra.pt\/legacy\/index.php\/2020\/10\/07\/ict-com-seis-candidaturas-a-bolsas-de-doutoramento-da-fct-aprovadas-2\/","title":{"rendered":"ICT com seis candidaturas a bolsas de doutoramento da FCT aprovadas"},"content":{"rendered":"<p>&nbsp;<\/p>\n<table>\n<tbody>\n<tr>\n<td width=\"354\">\n<p style=\"text-align: justify;\"><span style=\"font-family: arial, helvetica, sans-serif; font-size: 12pt;\"><strong>Gon\u00e7alo Rodrigues<\/strong><\/span><\/p>\n<p style=\"text-align: justify;\">\n<\/td>\n<td style=\"text-align: justify;\" width=\"354\"><\/td>\n<\/tr>\n<tr style=\"text-align: justify;\">\n<td width=\"354\"><span style=\"font-family: arial, helvetica, sans-serif; font-size: 12pt;\"><img loading=\"lazy\" decoding=\"async\" class=\"alignnone wp-image-2673 \" src=\"http:\/\/www.icterra.pt\/wp-content\/uploads\/2020\/10\/Pasted-into-.png\" width=\"173\" height=\"199\" \/><\/span><\/td>\n<td width=\"354\"><span style=\"font-family: arial, helvetica, sans-serif; font-size: 12pt;\">T\u00edtulo da Tese: &#8220;Utiliza\u00e7\u00e3o de detec\u00e7\u00e3o remota por sat\u00e9lite e dados meteorol\u00f3gicos para caracteriza\u00e7\u00e3o da qualidade da \u00e1gua em lagos artificiais&#8221;<\/span><\/p>\n<p>&nbsp;<\/p>\n<p><span style=\"font-family: arial, helvetica, sans-serif; font-size: 12pt;\">Orientador: Maria Jo\u00e3o Costa\u00a0<\/span><\/p>\n<p><span style=\"font-family: arial, helvetica, sans-serif; font-size: 12pt;\">Co-orientador: Miguel Potes<\/span><\/p>\n<p>&nbsp;<\/td>\n<\/tr>\n<tr style=\"text-align: justify;\">\n<td width=\"354\"><\/td>\n<td width=\"354\"><\/td>\n<\/tr>\n<tr style=\"text-align: justify;\">\n<td width=\"354\"><span style=\"font-family: arial, helvetica, sans-serif; font-size: 12pt;\"><strong>Gon\u00e7alo Silv\u00e9rio<\/strong><\/span><\/td>\n<td width=\"354\"><\/td>\n<\/tr>\n<tr style=\"text-align: justify;\">\n<td width=\"354\"><span style=\"font-family: arial, helvetica, sans-serif; font-size: 12pt;\"><img loading=\"lazy\" decoding=\"async\" class=\"alignnone wp-image-2674 \" src=\"http:\/\/www.icterra.pt\/wp-content\/uploads\/2020\/10\/Pasted-into-1-1.png\" width=\"205\" height=\"253\" \/><\/span><\/td>\n<td width=\"354\"><span style=\"font-family: arial, helvetica, sans-serif; font-size: 12pt;\">T\u00edtulo da Tese: Eventos carbonatados do Sil\u00farico e Dev\u00f3nico do Maci\u00e7o Ib\u00e9rico no contexto paleogeogr\u00e1fico e paleoambiental da margem norte-gondw\u00e2nica: an\u00e1lise estratigr\u00e1fica integrada<\/span><\/p>\n<p>&nbsp;<\/p>\n<p><span style=\"font-family: arial, helvetica, sans-serif; font-size: 12pt;\">Orientador: Noel Moreira (ICT &#8211; P\u00f3lo de \u00c9vora),<\/span><\/p>\n<p><span style=\"font-family: arial, helvetica, sans-serif; font-size: 12pt;\">Co-orintadores: Jose Ignacio Valenzuela Rios (Universitat de Valencia) e Sofia Pereira (Universidade de Coimbra)<\/span><\/p>\n<p>&nbsp;<\/td>\n<\/tr>\n<tr style=\"text-align: justify;\">\n<td width=\"354\"><\/td>\n<td width=\"354\"><\/td>\n<\/tr>\n<tr style=\"text-align: justify;\">\n<td width=\"354\"><span style=\"font-family: arial, helvetica, sans-serif; font-size: 12pt;\"><strong>Md Tofael Ahmed<\/strong><\/span><\/td>\n<td width=\"354\"><\/td>\n<\/tr>\n<tr style=\"text-align: justify;\">\n<td width=\"354\"><span style=\"font-family: arial, helvetica, sans-serif; font-size: 12pt;\"><img loading=\"lazy\" decoding=\"async\" width=\"228\" height=\"164\" class=\"alignnone wp-image-2675 size-full\" src=\"http:\/\/www.icterra.pt\/wp-content\/uploads\/2020\/10\/Pasted-into-1-2.png\" \/><\/span><\/td>\n<td width=\"354\"><span style=\"font-family: arial, helvetica, sans-serif; font-size: 12pt;\">Titulo da Tese:\u00a0Modeling and Development of a Low-Cost Embedded System for MPPT of Hybrid Photovoltaic Thermal System<\/span><\/p>\n<p><span style=\"font-family: arial, helvetica, sans-serif; font-size: 12pt;\">Orientadores:\u00a0Mouhaydine Tlemcani e Fernando Janeiro.<\/span><\/p>\n<p>&nbsp;<\/td>\n<\/tr>\n<tr style=\"text-align: justify;\">\n<td width=\"354\"><\/td>\n<td width=\"354\"><\/td>\n<\/tr>\n<tr style=\"text-align: justify;\">\n<td width=\"354\"><span style=\"font-family: arial, helvetica, sans-serif; font-size: 12pt;\"><strong>Carla Daniela Ribeiro de Carvalho<\/strong><\/span><\/td>\n<td width=\"354\"><\/td>\n<\/tr>\n<tr style=\"text-align: justify;\">\n<td width=\"354\"><span style=\"font-family: arial, helvetica, sans-serif; font-size: 12pt;\"><img loading=\"lazy\" decoding=\"async\" class=\"alignnone wp-image-2676 \" src=\"http:\/\/www.icterra.pt\/wp-content\/uploads\/2020\/10\/Pasted-into-1-3.png\" width=\"163\" height=\"201\" \/><\/span><\/td>\n<td width=\"354\"><span style=\"font-family: arial, helvetica, sans-serif; font-size: 12pt;\">T\u00edtulo da Tese: &#8220;Sn\u00b1W metallogenic specialization of peraluminous granites from Northern and Central Portugal&#8221;<\/span><\/p>\n<p><span style=\"font-family: arial, helvetica, sans-serif; font-size: 12pt;\">Orientador &#8211; Iuliu Bobos (ICT, Polo UPorto)<\/span><\/p>\n<p>&nbsp;<\/p>\n<p>&nbsp;<\/td>\n<\/tr>\n<tr style=\"text-align: justify;\">\n<td width=\"354\"><\/td>\n<td width=\"354\"><\/td>\n<\/tr>\n<tr style=\"text-align: justify;\">\n<td width=\"354\"><span style=\"font-family: arial, helvetica, sans-serif; font-size: 12pt;\"><strong>Filipa Catarina Lopes Dias<\/strong><\/span><\/td>\n<td width=\"354\"><\/td>\n<\/tr>\n<tr style=\"text-align: justify;\">\n<td width=\"354\"><span style=\"font-family: arial, helvetica, sans-serif; font-size: 12pt;\"><img loading=\"lazy\" decoding=\"async\" class=\"alignnone wp-image-2677 \" src=\"http:\/\/www.icterra.pt\/wp-content\/uploads\/2020\/10\/Pasted-into-1-4.png\" width=\"172\" height=\"197\" \/><\/span><\/td>\n<td width=\"354\"><span style=\"font-family: arial, helvetica, sans-serif; font-size: 12pt;\">T\u00edtulo da Tese: &#8220;Economic and Scientific Contribution on the Lithium-rich Pegmatites from the Iberian Peninsula&#8221;<\/span><\/p>\n<p><span style=\"font-family: arial, helvetica, sans-serif; font-size: 12pt;\">Orientador: Alexandre Lima (ICT, Polo UPorto)<\/span><\/p>\n<p><span style=\"font-family: arial, helvetica, sans-serif; font-size: 12pt;\">Coorientadores: Encarnaci\u00f3n Roda-Robles (Universidad del Pais Vasco) e T\u00e2nia Martins (Manitoba Geological Survey)<\/span><\/p>\n<p>&nbsp;<\/td>\n<\/tr>\n<tr style=\"text-align: justify;\">\n<td width=\"354\"><\/td>\n<td width=\"354\"><\/td>\n<\/tr>\n<tr style=\"text-align: justify;\">\n<td width=\"354\"><span style=\"font-family: arial, helvetica, sans-serif; font-size: 12pt;\"><strong>J\u00e9ssica Larissa Lima Torres<\/strong><\/span><\/td>\n<td width=\"354\"><\/td>\n<\/tr>\n<tr style=\"text-align: justify;\">\n<td width=\"354\"><span style=\"font-family: arial, helvetica, sans-serif; font-size: 12pt;\"><img loading=\"lazy\" decoding=\"async\" class=\"alignnone wp-image-2678 \" src=\"http:\/\/www.icterra.pt\/wp-content\/uploads\/2020\/10\/Pasted-into-1-5.png\" width=\"172\" height=\"197\" \/><\/span><\/td>\n<td width=\"354\"><span style=\"font-family: arial, helvetica, sans-serif; font-size: 12pt;\">T\u00edtulo da Tese: &#8220;Metasomatic halos of Li- and Be-bearing pegmatites associated with pegmatites from Ireland, Portugal and Spain as an exploration tool&#8221;<\/span><\/p>\n<p><span style=\"font-family: arial, helvetica, sans-serif; font-size: 12pt;\">Orientador: Alexandre Lima (ICT, Polo UPorto)<\/span><\/p>\n<p><span style=\"font-family: arial, helvetica, sans-serif; font-size: 12pt;\">Coorientadores: Julian Menuge (University College Dublin) e Encarnaci\u00f3n Roda-Robles (Universidad del Pais Vasco)<\/span><\/p>\n<p>&nbsp;<\/td>\n<\/tr>\n<tr style=\"text-align: justify;\">\n<td width=\"354\"><\/td>\n<td width=\"354\"><\/td>\n<\/tr>\n<tr style=\"text-align: justify;\">\n<td colspan=\"2\" width=\"708\"><span style=\"font-family: arial, helvetica, sans-serif; font-size: 12pt;\">As nossas felicita\u00e7\u00f5es pelo sucesso no concurso aos candidatos e aos respectivos orientadores.<\/span><\/td>\n<\/tr>\n<\/tbody>\n<\/table>\n<p style=\"text-align: justify;\">\n","protected":false},"excerpt":{"rendered":"<p>&nbsp; Gon\u00e7alo Rodrigues T\u00edtulo da Tese: &#8220;Utiliza\u00e7\u00e3o de detec\u00e7\u00e3o remota por sat\u00e9lite e dados meteorol\u00f3gicos para caracteriza\u00e7\u00e3o da qualidade da \u00e1gua em lagos artificiais&#8221; &nbsp; Orientador: Maria Jo\u00e3o Costa\u00a0 Co-orientador: Miguel Potes &nbsp; Gon\u00e7alo Silv\u00e9rio T\u00edtulo da Tese: Eventos carbonatados do Sil\u00farico e Dev\u00f3nico do Maci\u00e7o Ib\u00e9rico no contexto paleogeogr\u00e1fico e paleoambiental da margem norte-gondw\u00e2nica: [&hellip;]<\/p>\n","protected":false},"author":3,"featured_media":980,"comment_status":"closed","ping_status":"closed","sticky":false,"template":"","format":"standard","meta":{"footnotes":""},"categories":[15,1],"tags":[],"_links":{"self":[{"href":"https:\/\/www.icterra.pt\/legacy\/index.php\/wp-json\/wp\/v2\/posts\/2672"}],"collection":[{"href":"https:\/\/www.icterra.pt\/legacy\/index.php\/wp-json\/wp\/v2\/posts"}],"about":[{"href":"https:\/\/www.icterra.pt\/legacy\/index.php\/wp-json\/wp\/v2\/types\/post"}],"author":[{"embeddable":true,"href":"https:\/\/www.icterra.pt\/legacy\/index.php\/wp-json\/wp\/v2\/users\/3"}],"replies":[{"embeddable":true,"href":"https:\/\/www.icterra.pt\/legacy\/index.php\/wp-json\/wp\/v2\/comments?post=2672"}],"version-history":[{"count":4,"href":"https:\/\/www.icterra.pt\/legacy\/index.php\/wp-json\/wp\/v2\/posts\/2672\/revisions"}],"predecessor-version":[{"id":2682,"href":"https:\/\/www.icterra.pt\/legacy\/index.php\/wp-json\/wp\/v2\/posts\/2672\/revisions\/2682"}],"wp:featuredmedia":[{"embeddable":true,"href":"https:\/\/www.icterra.pt\/legacy\/index.php\/wp-json\/wp\/v2\/media\/980"}],"wp:attachment":[{"href":"https:\/\/www.icterra.pt\/legacy\/index.php\/wp-json\/wp\/v2\/media?parent=2672"}],"wp:term":[{"taxonomy":"category","embeddable":true,"href":"https:\/\/www.icterra.pt\/legacy\/index.php\/wp-json\/wp\/v2\/categories?post=2672"},{"taxonomy":"post_tag","embeddable":true,"href":"https:\/\/www.icterra.pt\/legacy\/index.php\/wp-json\/wp\/v2\/tags?post=2672"}],"curies":[{"name":"wp","href":"https:\/\/api.w.org\/{rel}","templated":true}]}}