{"id":2456,"date":"2020-06-30T18:46:14","date_gmt":"2020-06-30T18:46:14","guid":{"rendered":"http:\/\/www.icterra.pt\/?p=2456"},"modified":"2020-06-30T19:05:52","modified_gmt":"2020-06-30T19:05:52","slug":"luis-lopes-investigador-do-ict-foi-eleito-presidente-da-associacao-portuguesa-de-geologos","status":"publish","type":"post","link":"https:\/\/www.icterra.pt\/legacy\/index.php\/2020\/06\/30\/luis-lopes-investigador-do-ict-foi-eleito-presidente-da-associacao-portuguesa-de-geologos\/","title":{"rendered":"Lu\u00eds Lopes, investigador do ICT, foi eleito Presidente da Associa\u00e7\u00e3o Portuguesa de Ge\u00f3logos"},"content":{"rendered":"<p style=\"text-align: justify;\"><span style=\"font-family: arial, helvetica, sans-serif; font-size: 12pt;\">Realizou-se, no passado dia 26 de junho, a Assembleia Geral da Associa\u00e7\u00e3o Portuguesa de Ge\u00f3logos &#8211; APG, a qual elegeu os novos \u00d3rg\u00e3os Sociais para o bi\u00e9nio 2020-2022.<\/span><\/p>\n<p style=\"text-align: justify;\"><span style=\"font-family: arial, helvetica, sans-serif; font-size: 12pt;\">Numa Assembleia muito participada, a Lista A apresentou um <a href=\"https:\/\/2kmys.r.a.d.sendibm1.com\/mk\/cl\/f\/Q_cAiG8KrREYbRvqfIWivToR0F9QxTNWztDnqyHJ2hR_le-FF6Ko-J2G_A-JE5tM0MbIjadu9ge45oAgw--AVoqZpLkDktqb7Q7wQwV9SV0jSv2lYCEW4kbcmI_aok35dQKUgpbExOIPXtgWCrCCV6KjVeiB5jwZuZQOhPsk3OU_cgA1euhAJug0OLMEUZjbpkfIqgbwBYF3wuiTQ8Be746ZcnzBoQ75cO5ksu69mq867agi3e7Bo22FSfTiVnqsBcOzzqMcZz1G8E7gkDNMgaNZmB6qkPHI4kKFZEMSZQFBwFrig9ixQukGdIS_fgnEBnIRfJhddgqy0ABygqWHdJOeliowiRG9PPvWBEEsNjuLnp_LPZic7MI7xEcTIgLB20xkEyc\" target=\"_blank\" rel=\"noopener noreferrer\" data-saferedirecturl=\"https:\/\/www.google.com\/url?q=https:\/\/2kmys.r.a.d.sendibm1.com\/mk\/cl\/f\/Q_cAiG8KrREYbRvqfIWivToR0F9QxTNWztDnqyHJ2hR_le-FF6Ko-J2G_A-JE5tM0MbIjadu9ge45oAgw--AVoqZpLkDktqb7Q7wQwV9SV0jSv2lYCEW4kbcmI_aok35dQKUgpbExOIPXtgWCrCCV6KjVeiB5jwZuZQOhPsk3OU_cgA1euhAJug0OLMEUZjbpkfIqgbwBYF3wuiTQ8Be746ZcnzBoQ75cO5ksu69mq867agi3e7Bo22FSfTiVnqsBcOzzqMcZz1G8E7gkDNMgaNZmB6qkPHI4kKFZEMSZQFBwFrig9ixQukGdIS_fgnEBnIRfJhddgqy0ABygqWHdJOeliowiRG9PPvWBEEsNjuLnp_LPZic7MI7xEcTIgLB20xkEyc&amp;source=gmail&amp;ust=1593625140403000&amp;usg=AFQjCNF0KfaRJ6ZZgr6ZVOGPpXV00acTjQ\">Plano de Atividades<\/a> ambicioso e arrojado, assente em dois objetivos principais:<\/span><\/p>\n<p style=\"text-align: justify;\"><span style=\"font-family: arial, helvetica, sans-serif; font-size: 12pt;\">(i) a cria\u00e7\u00e3o de uma estrutura da APG capaz de enfrentar os desafios para uma APG ainda mais profissional e preparar uma desej\u00e1vel passagem para a &#8220;Ordem dos Ge\u00f3logos&#8221;;<\/span><\/p>\n<div style=\"text-align: justify;\"><span style=\"font-family: arial, helvetica, sans-serif; font-size: 12pt;\">(ii) o incremento da visibilidade p\u00fablica da profiss\u00e3o de ge\u00f3logo e das suas compet\u00eancias espec\u00edficas para a resolu\u00e7\u00e3o dos desafios com que a sociedade portuguesa se depara.<\/span><\/div>\n<p style=\"text-align: justify;\"><span style=\"font-family: arial, helvetica, sans-serif; font-size: 12pt;\">Esta Assembleia elegeu Lu\u00eds Lopes, investigador do ICT, como Presidente da Associa\u00e7\u00e3o Portuguesa de Ge\u00f3logos para o bi\u00e9nio 2020-2022.<\/span><\/p>\n<p style=\"text-align: justify;\"><span style=\"font-family: arial, helvetica, sans-serif; font-size: 12pt;\">\u00a0<\/span><\/p>\n<p>&nbsp;<\/p>\n","protected":false},"excerpt":{"rendered":"<p>Realizou-se, no passado dia 26 de junho, a Assembleia Geral da Associa\u00e7\u00e3o Portuguesa de Ge\u00f3logos &#8211; APG, a qual elegeu os novos \u00d3rg\u00e3os Sociais para o bi\u00e9nio 2020-2022. Numa Assembleia muito participada, a Lista A apresentou um Plano de Atividades ambicioso e arrojado, assente em dois objetivos principais: (i) a cria\u00e7\u00e3o de uma estrutura da [&hellip;]<\/p>\n","protected":false},"author":3,"featured_media":2457,"comment_status":"closed","ping_status":"closed","sticky":false,"template":"","format":"standard","meta":{"footnotes":""},"categories":[15],"tags":[408],"_links":{"self":[{"href":"https:\/\/www.icterra.pt\/legacy\/index.php\/wp-json\/wp\/v2\/posts\/2456"}],"collection":[{"href":"https:\/\/www.icterra.pt\/legacy\/index.php\/wp-json\/wp\/v2\/posts"}],"about":[{"href":"https:\/\/www.icterra.pt\/legacy\/index.php\/wp-json\/wp\/v2\/types\/post"}],"author":[{"embeddable":true,"href":"https:\/\/www.icterra.pt\/legacy\/index.php\/wp-json\/wp\/v2\/users\/3"}],"replies":[{"embeddable":true,"href":"https:\/\/www.icterra.pt\/legacy\/index.php\/wp-json\/wp\/v2\/comments?post=2456"}],"version-history":[{"count":3,"href":"https:\/\/www.icterra.pt\/legacy\/index.php\/wp-json\/wp\/v2\/posts\/2456\/revisions"}],"predecessor-version":[{"id":2460,"href":"https:\/\/www.icterra.pt\/legacy\/index.php\/wp-json\/wp\/v2\/posts\/2456\/revisions\/2460"}],"wp:featuredmedia":[{"embeddable":true,"href":"https:\/\/www.icterra.pt\/legacy\/index.php\/wp-json\/wp\/v2\/media\/2457"}],"wp:attachment":[{"href":"https:\/\/www.icterra.pt\/legacy\/index.php\/wp-json\/wp\/v2\/media?parent=2456"}],"wp:term":[{"taxonomy":"category","embeddable":true,"href":"https:\/\/www.icterra.pt\/legacy\/index.php\/wp-json\/wp\/v2\/categories?post=2456"},{"taxonomy":"post_tag","embeddable":true,"href":"https:\/\/www.icterra.pt\/legacy\/index.php\/wp-json\/wp\/v2\/tags?post=2456"}],"curies":[{"name":"wp","href":"https:\/\/api.w.org\/{rel}","templated":true}]}}